{"id":141,"date":"2026-02-24T15:17:19","date_gmt":"2026-02-24T15:17:19","guid":{"rendered":"https:\/\/zohra.sekkal.mmi-velizy.fr\/Olympe\/?p=141"},"modified":"2026-02-24T15:17:19","modified_gmt":"2026-02-24T15:17:19","slug":"balenciaga-lart-de-transformer-le-moche-en-objet-de-desir-absolu","status":"publish","type":"post","link":"https:\/\/zohra.sekkal.mmi-velizy.fr\/Olympe\/2026\/02\/24\/balenciaga-lart-de-transformer-le-moche-en-objet-de-desir-absolu\/","title":{"rendered":"Balenciaga : L&rsquo;art de transformer le \u00ab\u00a0moche\u00a0\u00bb en objet de d\u00e9sir absolu"},"content":{"rendered":"\n<p>Si Cristobal Balenciaga, le \u00ab\u00a0ma\u00eetre\u00a0\u00bb de la couture, voyait la marque aujourd&rsquo;hui, il ferait probablement une syncope. Pourtant, sous l&rsquo;\u00e8re de <strong>Demna Gvasalia<\/strong>, Balenciaga est devenue la marque la plus fascinante (et d\u00e9test\u00e9e) du 21e si\u00e8cle. Comment une maison de luxe a-t-elle r\u00e9ussi \u00e0 nous faire payer des milliers d&rsquo;euros pour ressembler \u00e0 des coursiers ou \u00e0 des naufrag\u00e9s ?<\/p>\n\n\n\n<h3 class=\"wp-block-heading\">Le braquage du quotidien : Le sac \u00ab\u00a0IKEA\u00a0\u00bb<\/h3>\n\n\n\n<p>Le point de bascule historique a eu lieu en <strong>2017<\/strong>. Balenciaga sort le sac \u00ab\u00a0Arena Extra-Large\u00a0\u00bb : un cabas bleu vif, en cuir luxueux, mais dont la forme est l&rsquo;exacte r\u00e9plique du sac <em>Frakta<\/em> d&rsquo;IKEA \u00e0 0,90 \u20ac.<\/p>\n\n\n\n<p><strong>Le g\u00e9nie du coup :<\/strong><\/p>\n\n\n\n<ul class=\"wp-block-list\">\n<li><strong>Le buzz mondial :<\/strong> Tout le monde s&rsquo;est moqu\u00e9 de la marque.<\/li>\n\n\n\n<li><strong>Le r\u00e9sultat :<\/strong> Le sac s&rsquo;est vendu en quelques heures pour plus de <strong>2 000 \u20ac<\/strong>. Balenciaga venait d&rsquo;inventer le \u00ab\u00a0Luxe Troll\u00a0\u00bb : l&rsquo;art de s&rsquo;approprier des objets banals pour les transformer en symboles de statut social pour initi\u00e9s.<\/li>\n<\/ul>\n\n\n\n<figure class=\"wp-block-image size-large\"><img loading=\"lazy\" decoding=\"async\" width=\"1024\" height=\"576\" src=\"https:\/\/zohra.sekkal.mmi-velizy.fr\/Olympe\/wp-content\/uploads\/2026\/02\/2017-04_GQ_IkeaDefence_3x2-1024x576.webp\" alt=\"\" class=\"wp-image-142\" srcset=\"https:\/\/zohra.sekkal.mmi-velizy.fr\/Olympe\/wp-content\/uploads\/2026\/02\/2017-04_GQ_IkeaDefence_3x2-1024x576.webp 1024w, https:\/\/zohra.sekkal.mmi-velizy.fr\/Olympe\/wp-content\/uploads\/2026\/02\/2017-04_GQ_IkeaDefence_3x2-300x169.webp 300w, https:\/\/zohra.sekkal.mmi-velizy.fr\/Olympe\/wp-content\/uploads\/2026\/02\/2017-04_GQ_IkeaDefence_3x2-768x432.webp 768w, https:\/\/zohra.sekkal.mmi-velizy.fr\/Olympe\/wp-content\/uploads\/2026\/02\/2017-04_GQ_IkeaDefence_3x2-1536x864.webp 1536w, https:\/\/zohra.sekkal.mmi-velizy.fr\/Olympe\/wp-content\/uploads\/2026\/02\/2017-04_GQ_IkeaDefence_3x2-600x338.webp 600w, https:\/\/zohra.sekkal.mmi-velizy.fr\/Olympe\/wp-content\/uploads\/2026\/02\/2017-04_GQ_IkeaDefence_3x2.webp 2000w\" sizes=\"auto, (max-width: 1024px) 100vw, 1024px\" \/><\/figure>\n\n\n\n<h3 class=\"wp-block-heading\">La chaussure qui a chang\u00e9 le monde (ou presque) : La Triple S<\/h3>\n\n\n\n<p>Avant 2017, une basket devait \u00eatre fine et \u00e9l\u00e9gante. Puis est arriv\u00e9e la <strong>Triple S<\/strong>. Gigantesque, lourde, avec une semelle triple \u00e9paisseur et un aspect d\u00e9j\u00e0 \u00ab\u00a0sale\u00a0\u00bb \u00e0 l&rsquo;achat.<\/p>\n\n\n\n<p>C&rsquo;est l&rsquo;av\u00e8nement de la <strong>\u00ab\u00a0Dad Shoe\u00a0\u00bb<\/strong>. Les puristes ont hurl\u00e9 au scandale, mais la Gen Z a ador\u00e9 le c\u00f4t\u00e9 massif et \u00ab\u00a0anti-fashion\u00a0\u00bb. Aujourd&rsquo;hui, chaque marque, de Zara \u00e0 Dior, a sa propre basket compens\u00e9e. Balenciaga n&rsquo;a pas seulement cr\u00e9\u00e9 un mod\u00e8le, elle a chang\u00e9 la silhouette de la rue pour toute une d\u00e9cennie.<\/p>\n\n\n\n<h3 class=\"wp-block-heading\">La strat\u00e9gie du \u00ab\u00a0Chaos Marketing\u00a0\u00bb<\/h3>\n\n\n\n<p>Pourquoi \u00e7a marche ? Parce que Balenciaga ne vend plus des v\u00eatements, mais de la <strong>r\u00e9action<\/strong>. Aujourd&rsquo;hui, la strat\u00e9gie repose sur un marketing du malaise qui fascine autant qu&rsquo;il agace. Qu&rsquo;il s&rsquo;agisse de vendre des sacs poubelles en cuir, des baskets totalement d\u00e9truites qui semblent avoir surv\u00e9cu \u00e0 une catastrophe, ou de faire d\u00e9filer des mannequins dans la boue, la marque cherche la r\u00e9action \u00e9pidermique. C&rsquo;est ce qu&rsquo;on appelle l&rsquo;esth\u00e9tique du \u00ab\u00a0Ugly-Cool\u00a0\u00bb : quelque chose de si laid qu&rsquo;il en devient le summum du style pour ceux qui veulent se d\u00e9marquer.<\/p>\n\n\n\n<p>Le r\u00e9sultat est sans appel, Balenciaga est devenue la marque la plus cit\u00e9e et la plus d\u00e9tourn\u00e9e sur les r\u00e9seaux sociaux. Elle ne vend plus seulement des v\u00eatements, mais des sujets de conversation et des statuts sociaux pour une g\u00e9n\u00e9ration qui pr\u00e9f\u00e8re l&rsquo;originalit\u00e9 provocante au chic traditionnel.<\/p>\n\n\n\n<ol start=\"1\" class=\"wp-block-list\"><\/ol>\n\n\n\n<blockquote class=\"wp-block-quote is-layout-flow wp-block-quote-is-layout-flow\">\n<p><strong>Le saviez-vous ?<\/strong> Balenciaga a \u00e9t\u00e9 la premi\u00e8re marque de luxe \u00e0 collaborer officiellement avec <em>The Simpsons<\/em> pour un \u00e9pisode sp\u00e9cial, prouvant que l&rsquo;autod\u00e9rision est leur meilleure arme de vente.<\/p>\n<\/blockquote>\n","protected":false},"excerpt":{"rendered":"<p>Si Cristobal Balenciaga, le \u00ab\u00a0ma\u00eetre\u00a0\u00bb de la couture, voyait la marque aujourd&rsquo;hui, il ferait probablement une syncope. Pourtant, sous l&rsquo;\u00e8re de Demna Gvasalia, Balenciaga est devenue la marque la plus fascinante (et d\u00e9test\u00e9e) du 21e si\u00e8cle. Comment une maison de luxe a-t-elle r\u00e9ussi \u00e0 nous faire payer des milliers d&rsquo;euros pour ressembler \u00e0 des coursiers [&hellip;]<\/p>\n","protected":false},"author":1,"featured_media":143,"comment_status":"open","ping_status":"open","sticky":false,"template":"","format":"standard","meta":{"pagelayer_contact_templates":[],"_pagelayer_content":"","_swt_meta_header_display":false,"_swt_meta_footer_display":false,"_swt_meta_site_title_display":false,"_swt_meta_sticky_header":false,"_swt_meta_transparent_header":false,"footnotes":""},"categories":[1],"tags":[],"class_list":["post-141","post","type-post","status-publish","format-standard","has-post-thumbnail","hentry","category-uncategorized"],"_links":{"self":[{"href":"https:\/\/zohra.sekkal.mmi-velizy.fr\/Olympe\/wp-json\/wp\/v2\/posts\/141","targetHints":{"allow":["GET"]}}],"collection":[{"href":"https:\/\/zohra.sekkal.mmi-velizy.fr\/Olympe\/wp-json\/wp\/v2\/posts"}],"about":[{"href":"https:\/\/zohra.sekkal.mmi-velizy.fr\/Olympe\/wp-json\/wp\/v2\/types\/post"}],"author":[{"embeddable":true,"href":"https:\/\/zohra.sekkal.mmi-velizy.fr\/Olympe\/wp-json\/wp\/v2\/users\/1"}],"replies":[{"embeddable":true,"href":"https:\/\/zohra.sekkal.mmi-velizy.fr\/Olympe\/wp-json\/wp\/v2\/comments?post=141"}],"version-history":[{"count":1,"href":"https:\/\/zohra.sekkal.mmi-velizy.fr\/Olympe\/wp-json\/wp\/v2\/posts\/141\/revisions"}],"predecessor-version":[{"id":144,"href":"https:\/\/zohra.sekkal.mmi-velizy.fr\/Olympe\/wp-json\/wp\/v2\/posts\/141\/revisions\/144"}],"wp:featuredmedia":[{"embeddable":true,"href":"https:\/\/zohra.sekkal.mmi-velizy.fr\/Olympe\/wp-json\/wp\/v2\/media\/143"}],"wp:attachment":[{"href":"https:\/\/zohra.sekkal.mmi-velizy.fr\/Olympe\/wp-json\/wp\/v2\/media?parent=141"}],"wp:term":[{"taxonomy":"category","embeddable":true,"href":"https:\/\/zohra.sekkal.mmi-velizy.fr\/Olympe\/wp-json\/wp\/v2\/categories?post=141"},{"taxonomy":"post_tag","embeddable":true,"href":"https:\/\/zohra.sekkal.mmi-velizy.fr\/Olympe\/wp-json\/wp\/v2\/tags?post=141"}],"curies":[{"name":"wp","href":"https:\/\/api.w.org\/{rel}","templated":true}]}}